{"id":1949,"date":"2021-08-30T09:30:00","date_gmt":"2021-08-30T09:30:00","guid":{"rendered":"https:\/\/bettybilek.cz\/?p=1949"},"modified":"2021-08-24T19:36:01","modified_gmt":"2021-08-24T19:36:01","slug":"obycejne-rozhovory-s-neobycejnymi-lidmi-vol-2-lucie-solovjevova","status":"publish","type":"post","link":"https:\/\/bettybilek.cz\/?p=1949","title":{"rendered":"Oby\u010dejn\u00e9 rozhovory s&nbsp;neoby\u010dejn\u00fdmi lidmi vol.2 &#8211; Lucie Solovjevov\u00e1"},"content":{"rendered":"\n<p class=\"has-text-align-left has-normal-font-size\"><strong>T\u0159\u00eddn\u00ed u\u010ditelka j\u00ed \u0159ekla, a\u0165 jde na&nbsp;u\u010d\u0148\u00e1k, \u017ee na&nbsp;v\u00edc nem\u00e1. St\u0159edn\u00ed \u0161kolu si vybrala podle ostatn\u00edch a&nbsp;aby u\u010ditelce dok\u00e1zala, \u017ee nem\u00e1 pravdu. Narozen\u00ed d\u011bt\u00ed bylo impulzem k&nbsp;dal\u0161\u00edmu studiu a&nbsp;osobn\u00edmu rozvoji. D\u00edky sv\u00e9 odhodlanosti a&nbsp;l\u00e1sce k&nbsp;v\u00fdzv\u00e1m se dostala k&nbsp;pr\u00e1ci, kter\u00e1 ji napl\u0148uje. Vlastn\u011b m\u00e1 pr\u00e1ce dv\u011b, kter\u00e9 se skv\u011ble dopl\u0148uj\u00ed a&nbsp;p\u0159in\u00e1\u0161\u00ed j\u00ed ur\u010ditou harmonii do&nbsp;\u017eivota. Lucka p\u0159in\u00e1\u0161\u00ed skv\u011bl\u00fd p\u0159\u00edb\u011bh, kter\u00fd stoj\u00ed za&nbsp;to si p\u0159e\u010d\u00edst a&nbsp;inspirovat se j\u00edm, stejn\u011b jako jej\u00ed fotky, kter\u00e9 pod jej\u00edma rukama vznikaj\u00ed. <\/strong><\/p>\n\n\n\n<p><strong>Dobr\u00fd den Lucko, m\u011bla jste n\u011bjakou pr\u00e1ci sn\u016f jako d\u00edt\u011b? Jak se ten sen m\u011bnil v&nbsp;\u010dase?<\/strong><\/p>\n\n\n\n<blockquote class=\"wp-block-quote\"><p>Asi jako ka\u017ed\u00e9 mal\u00e9 d\u00edt\u011b, milovala jsem zv\u00ed\u0159\u00e1tka, proto byl dlouho m\u016fj sen st\u00e1t se veterin\u00e1\u0159kou. Vytratilo se to a\u017e v&nbsp;<strong>pubert\u011b, kdy jsem svou cestu nevid\u011bla p\u0159\u00edli\u0161 jasn\u011b<\/strong> a&nbsp;sp\u00ed\u0161e jsem netu\u0161ila, \u010d\u00edm bych opravdu cht\u011bla b\u00fdt, nem\u011bla jsem c\u00edl. U\u017e <strong>p\u0159i v\u00fdb\u011bru st\u0159edn\u00ed \u0161koly jsem dala na&nbsp;vliv okol\u00ed a&nbsp;\u0161la tam, kam p\u0159\u00e1tel\u00e9<\/strong>. Nev\u011b\u0159ila jsem si. <strong>Jasn\u011b si pamatuji, jak mi t\u0159\u00eddn\u00ed u\u010ditelka na&nbsp;z\u00e1kladn\u00ed \u0161kole \u0159ekla, \u017ee mi nedoporu\u010duje st\u0159edn\u00ed \u0161kolu, ale a\u0165 jdu studovat na&nbsp;u\u010dili\u0161t\u011b :D. <\/strong><\/p><p>Na st\u0159edn\u00ed \u0161kolu jsem podala p\u0159ihl\u00e1\u0161ku sp\u00ed\u0161e, abych j\u00ed dok\u00e1zala, \u017ee se plete<strong>. Jej\u00ed n\u00e1zor v\u0161ak ve mn\u011b p\u0159esto zanechal stopy.<\/strong> Mysl\u00edm, \u017ee v&nbsp;tomto v\u011bku je velik\u00e9 \u0161t\u011bst\u00ed, kdy\u017e d\u00edt\u011b v\u00ed, co od \u017eivota chce a&nbsp;jde si za&nbsp;sv\u00fdm snem. Ale neb\u00fdv\u00e1 to pravidlo, sp\u00ed\u0161 je to opravdu v\u00fdjime\u010dn\u00e9.<\/p><\/blockquote>\n\n\n\n<p><strong>Jak\u00fd obor jste vystudovala? Pracovala jste n\u011bkdy\/pracujete v&nbsp;t\u00e9 oblasti?<\/strong><\/p>\n\n\n\n<blockquote class=\"wp-block-quote\"><p>D\u00edky n\u011bkter\u00fdm z\u00e1va\u017en\u00fdm ud\u00e1lostem v&nbsp;\u017eivot\u011b, kter\u00e9 nechci zmi\u0148ovat, jsem tehdy st\u0159edn\u00ed \u0161kolu nedokon\u010dila a&nbsp;dod\u011bl\u00e1vala si ji a\u017e pozd\u011bji po&nbsp;narozen\u00ed prvn\u00ed dcery p\u0159i mate\u0159sk\u00e9 dovolen\u00e9. Studovala jsem tehdy d\u00e1lkov\u011b p\u011bt let a&nbsp;do toho pracovala jako pe\u010dovatelka v&nbsp;odleh\u010dovac\u00ed slu\u017eb\u011b. M\u016fj maturitn\u00ed obor byl <strong>zdravotnick\u00fd asistent.<\/strong> Studium m\u011b velice bavilo, ale s&nbsp;prax\u00ed u\u017e to bylo jin\u00e9. Pracovala jsem ve zdravotnictv\u00ed kr\u00e1tce, v&nbsp;nemocnici, na&nbsp;chirurgii, na&nbsp;septick\u00e9m odd\u011blen\u00ed. <\/p><p>Kdy\u017e se mi narodila druh\u00e1 dcera, <strong>vyu\u017eila jsem op\u011bt \u010das p\u0159i mate\u0159sk\u00e9 dovolen\u00e9 na&nbsp;zm\u011bnu sv\u00fdch pracovn\u00edch mo\u017enost\u00ed, neum\u011bla jsem si p\u0159edstavit zbytek \u017eivota str\u00e1vit v&nbsp;zam\u011bstn\u00e1n\u00ed, kter\u00e9 m\u011b nenapl\u0148ovalo. <\/strong><\/p><p>Rozhodla jsem se zcela zm\u011bnit obor, proto jsem nastoupila na&nbsp;vysokou \u0161kolu a&nbsp;vystudovala <strong>bakal\u00e1\u0159sk\u00fd obor soci\u00e1ln\u00ed politika a&nbsp;soci\u00e1ln\u00ed pr\u00e1ce. Byl to nejlep\u0161\u00ed krok v&nbsp;m\u00e9m \u017eivot\u011b.<\/strong> Studium na&nbsp;V\u0160 mi otev\u0159elo zcela jin\u00e9 obzory, kudy bych se cht\u011bla vydat a&nbsp;kde se zdokonalovat. Objevila jsem tam sv\u016fj nov\u00fd pracovn\u00ed sen a&nbsp;z\u00edskala vizi, kter\u00e1 m\u011b nyn\u00ed popoh\u00e1n\u00ed kup\u0159edu.<\/p><\/blockquote>\n\n\n\n<p><strong>Jak byste popsala Va\u0161i p\u0159edchoz\u00ed \/ prvn\u00ed pr\u00e1ci jedn\u00edm slovem?<\/strong><\/p>\n\n\n\n<blockquote class=\"wp-block-quote\"><p>Jedn\u00edm slovem popsat pr\u00e1ci v&nbsp;nemocnici? Asi <strong>zku\u0161enost.<\/strong> Pro m\u011b samotnou to byla obrovsk\u00e1 zku\u0161enost, pro zdravotn\u00edky je zku\u0161enost nezbytn\u00e9 vybaven\u00ed a&nbsp;pro pacienty je pobyt v&nbsp;nemocnici tak\u00e9 nezapomenuteln\u00e1 zku\u0161enost.<\/p><\/blockquote>\n\n\n\n<p><strong>\u010cemu se v\u011bnujete te\u010f?<\/strong><\/p>\n\n\n\n<blockquote class=\"wp-block-quote\"><p>V sou\u010dasn\u00e9 dob\u011b pracuji jako <strong>soci\u00e1ln\u00ed pracovnice<\/strong> pod \u010cesk\u00fdm \u010derven\u00fdm k\u0159\u00ed\u017eem v&nbsp;Litom\u011b\u0159ic\u00edch, konkr\u00e9tn\u011b v&nbsp;Kontaktn\u00edm centru Litom\u011b\u0159ice. Je to moje hlavn\u00ed \u010dinnost, p\u0159esto, \u017ee m\u00e1m <strong>zkr\u00e1cen\u00fd \u00favazek kv\u016fli m\u00e9 druh\u00e9 v\u00e1\u0161ni, a&nbsp;tou je focen\u00ed.<\/strong> <\/p><p>Na tu jsem si od <strong>prosince 2020 zalo\u017eila \u017eivnost.<\/strong> M\u00e1m obrovsk\u00e9 \u0161t\u011bst\u00ed, \u017ee ob\u011b m\u00e9 \u010dinnosti m\u011b napl\u0148uj\u00ed a&nbsp;velice bav\u00ed. Kdybych si m\u011bla vybrat mezi nimi, nev\u011bd\u011bla bych. Jsou to diametr\u00e1ln\u011b odli\u0161n\u00e9 z\u00e1le\u017eitosti. Lid\u00e9, s&nbsp;kter\u00fdmi se v&nbsp;obou \u010dinnostech setk\u00e1v\u00e1m, jsou, \u0159ekla bych, t\u00e9m\u011b\u0159 v&nbsp;protikladu. <\/p><p>V soci\u00e1ln\u00ed slu\u017eb\u011b se setk\u00e1v\u00e1m s&nbsp;ne\u0161t\u011bst\u00edm, tr\u00e1pen\u00edm a&nbsp;soci\u00e1ln\u00edm vylou\u010den\u00edm. P\u0159i fotografov\u00e1n\u00ed s&nbsp;prav\u00fdm opakem, a&nbsp;to s&nbsp;radost\u00ed, \u0161t\u011bst\u00edm z&nbsp;nov\u00e9ho \u017eivota a&nbsp;rodiny. Mo\u017en\u00e1 mi to dod\u00e1v\u00e1 pocit harmonie, vyva\u017euje mi to to negativn\u00ed, s&nbsp;\u010d\u00edm\u017e se v&nbsp;kontaktn\u00edm centru setk\u00e1v\u00e1m a&nbsp;z\u00e1rove\u0148 si v\u00edce uv\u011bdomuji a&nbsp;v\u00e1\u017e\u00edm si ud\u00e1lost\u00ed v&nbsp;\u017eivot\u011b, kter\u00e9 m\u00e1 \u010dlov\u011bk tendence br\u00e1t jako samoz\u0159ejmost. Proto tak\u00e9 na&nbsp;focen\u00ed miluju zachycov\u00e1n\u00ed emoc\u00ed a&nbsp;jedine\u010dn\u00e9 atmosf\u00e9ry, zachycovat neopakovateln\u00e9 okam\u017eiky \u017eivota.<\/p><\/blockquote>\n\n\n\n<p><strong>Jak jste se k&nbsp;focen\u00ed dostala? Co to vy\u017eadovalo?<\/strong><\/p>\n\n\n\n<blockquote class=\"wp-block-quote\"><p>P\u0159i\u0161lo to zcela n\u00e1hodn\u011b, kdy\u017e jsem obdivovala fotografie sv\u00e9ho kamar\u00e1da, kter\u00fd mi za&nbsp;p\u00e1r pen\u011bz prodal star\u00fd objektiv Helios. Je to manu\u00e1ln\u00ed objektiv s&nbsp;\u00fa\u017easnou atmosf\u00e9rou, kter\u00fd m\u011b dost nau\u010dil. Za&nbsp;n\u011bjak\u00fd \u010das jsem si po\u0159\u00eddila dal\u0161\u00ed staroskl\u00ed\u010dko Tair a&nbsp;u\u017e se toho nemohla naba\u017eit. Jsou to nyn\u00ed asi t\u0159i roky, co jsem si ob\u010das cvakla kamar\u00e1dy, ti to sd\u00edleli a&nbsp;zal\u00edbilo se to zase jejich zn\u00e1m\u00fdm atd. <strong>Nejprve jsem necht\u011bla fotit za&nbsp;pen\u00edze, musela jsem zku\u0161enost\u00ed doj\u00edt do&nbsp;bodu, kdy jsem si v\u011b\u0159ila ve sv\u00e9 tvorb\u011b natolik, abych sv\u00e9 fotky ocenila.<\/strong> Nyn\u00ed u\u017e m\u00e1m sv\u00e9 st\u00e1l\u00e9 klienty, zcela jinou techniku a&nbsp;\u017eivnost jako vedlej\u0161\u00ed \u010dinnost p\u0159i zam\u011bstn\u00e1n\u00ed. Jsem za&nbsp;to moc vd\u011b\u010dn\u00e1!<\/p><\/blockquote>\n\n\n\n<p><strong>Co V\u00e1s na&nbsp;va\u0161\u00ed pr\u00e1ci &#8211; prac\u00edch napl\u0148uje? Pro\u010d jste se v&nbsp;tom na\u0161la?<\/strong><\/p>\n\n\n\n<blockquote class=\"wp-block-quote\"><p>Co se t\u00fd\u010de pr\u00e1ce soci\u00e1ln\u00ed pracovnice v&nbsp;k-centru, bav\u00ed m\u011b t\u011bmto lidem ukazovat to kr\u00e1sn\u00e9, co v&nbsp;nich vid\u00edm j\u00e1, pom\u00e1hat jim naj\u00edt v&nbsp;sob\u011b s\u00edlu na&nbsp;zm\u011bnu a&nbsp;motivovat je k&nbsp;l\u00e1sce k&nbsp;\u017eivotu, p\u0159esto, \u017ee maj\u00ed za&nbsp;sebou kolikr\u00e1t tak nehezk\u00e9 zku\u0161enosti a&nbsp;jejich situace se zd\u00e1 b\u00fdt nezm\u011bniteln\u00e1. <\/p><p>U fotografov\u00e1n\u00ed je to zachycov\u00e1n\u00ed okam\u017eiku \u017eivota v&nbsp;jeho kr\u00e1se a&nbsp;pestrosti. P\u0159esto, \u017ee je pak fotka nehybn\u00e1 a&nbsp;dvojrozm\u011brn\u00e1, obsahuje n\u011bco hlubok\u00e9ho a&nbsp;v\u00edcerozm\u011brn\u00e9ho. To na&nbsp;tom miluji, je to jako malovat emoce a&nbsp;atmosf\u00e9ru, n\u011bco nehmatateln\u00e9ho.<\/p><\/blockquote>\n\n\n\n<p><strong>Jak\u00e9 v\u00fdzvy p\u0159in\u00e1\u0161\u00ed Va\u0161e pr\u00e1ce? Co je na&nbsp;tom t\u011b\u017ek\u00e9ho?<\/strong><\/p>\n\n\n\n<blockquote class=\"wp-block-quote\"><p>M\u00e1m moc r\u00e1da v\u00fdzvy :D. Je to jako benz\u00edn do&nbsp;motoru, aby ze sebe vydal to nejlep\u0161\u00ed. Jednu obrovskou v\u00fdzvu mi p\u0159ineslo hlavn\u011b zam\u011bstn\u00e1n\u00ed v&nbsp;k-centru, a&nbsp;tou je psychoterapie. U\u017e na&nbsp;V\u0160 se ve mn\u011b probudil c\u00edl j\u00edt do&nbsp;psychoterapeutick\u00e9ho v\u00fdcviku a&nbsp;v\u011bnovat se tomu. V&nbsp;k-centru se prohloubil. Stalo se to sou\u010d\u00e1st\u00ed n\u011bjak\u00e9 vize do&nbsp;budoucna a&nbsp;u\u017e pomalu podnik\u00e1m n\u011bjak\u00e9 kroky k&nbsp;napln\u011bn\u00ed. <\/p><p>U focen\u00ed je rozhodn\u011b v\u00fdzva ka\u017ed\u00e9 focen\u00ed doma :D. Fot\u00edm p\u0159ev\u00e1\u017en\u011b v&nbsp;dom\u00e1c\u00edm prost\u0159ed\u00ed u&nbsp;z\u00e1kazn\u00edk\u016f, nikdy p\u0159edem nev\u00edm, kam jedu, jak to tam bude vypadat, jak\u00e9 tam bude sv\u011btlo a&nbsp;u novorozeneck\u00e9ho focen\u00ed ani, jestli se v\u016fbec n\u011bjak\u00e9 fotky povedou. Je to ale takov\u00e9 super dobrodru\u017estv\u00ed a&nbsp;bav\u00ed m\u011b to. T\u011b\u017ek\u00e9 na&nbsp;v\u0161ech v\u00fdzv\u00e1ch je v\u0161imnout si z\u00e1rodku pochyb o&nbsp;sob\u011b, \u017ee to zvl\u00e1dnu a&nbsp;uv\u011bdomit si, \u017ee to je jen nastaven\u00ed mysli, kter\u00e9 jsem ale j\u00e1 p\u00e1nem a&nbsp;ne naopak.<\/p><\/blockquote>\n\n\n\n<p><strong>Jak byste popsala Va\u0161i sou\u010dasnou pr\u00e1ci jedn\u00edm slovem?<\/strong><\/p>\n\n\n\n<blockquote class=\"wp-block-quote\"><p>\u017divouc\u00ed<\/p><\/blockquote>\n\n\n\n<p><strong>Vyjmenujte 3 v\u011bci, kter\u00e9 v\u00e1s p\u0159im\u011bly do&nbsp;toho j\u00edt&#8230;<\/strong><\/p>\n\n\n\n<blockquote class=\"wp-block-quote\"><p>Tak ta s&nbsp;nejv\u011bt\u0161\u00ed intenzitou byla ur\u010dit\u011b nechu\u0165 z&nbsp;tehdej\u0161\u00edho zam\u011bstn\u00e1n\u00ed a&nbsp;p\u0159edstava ustrnut\u00ed v&nbsp;n\u011bm po&nbsp;zbytek \u017eivota. <\/p><p>Uv\u011bdom\u011bn\u00ed si, \u017ee j\u00e1 jsem tv\u016frce sv\u00e9ho \u017eivota a&nbsp;p\u0159ek\u00e1\u017eky si tvo\u0159\u00edm jen ve sv\u00e9 hlav\u011b. <\/p><p>Pak p\u0159edev\u0161\u00edm podpora rodiny, za&nbsp;kterou jsem moc vd\u011b\u010dn\u00e1.<\/p><\/blockquote>\n\n\n\n<p><strong>Co byste vzk\u00e1zala v\u0161em lidem, kte\u0159\u00ed hledaj\u00ed pr\u00e1ci \/ p\u0159em\u00fd\u0161l\u00ed o&nbsp;zm\u011bn\u011b nebo student\u016fm (a nejen t\u011bm), kte\u0159\u00ed teprve pracovn\u011b hledaj\u00ed sami sebe?<\/strong><\/p>\n\n\n\n<blockquote class=\"wp-block-quote\"><p><strong>Zkuste se vymanit z&nbsp;vlivu okol\u00ed,<\/strong> nedejte na&nbsp;n\u011bj, ale <strong>soust\u0159e\u010fte se na&nbsp;to, co chcete vy,<\/strong> co c\u00edt\u00edte uvnit\u0159 v\u00e1s a&nbsp;rezonuje to s&nbsp;v\u00e1mi, kam v\u00e1s to t\u00e1hne. To je toti\u017e to prav\u00e9 pro v\u00e1s, a&nbsp;<strong>kdy\u017e si za&nbsp;t\u00edm p\u016fjdete, v\u011b\u0159te, \u017ee \u017eivot v\u00e1m p\u0159iprav\u00ed podm\u00ednky, abyste toho nikdy nelitovali.<\/strong> <strong>Strach ze zm\u011bny nebo z&nbsp;\u010dehokoli je jen omezen\u00ed, kter\u00e9 jste si sami vytvo\u0159ili ve sv\u00e9 hlav\u011b, a&nbsp;lze s&nbsp;t\u00edm pracovat. Pokud m\u00e1te n\u011bjak\u00fd sen, v\u017edy m\u00e1te v&nbsp;sob\u011b v\u0161echny p\u0159edpoklady si ho splnit, sta\u010d\u00ed je jen objevit.<\/strong><\/p><\/blockquote>\n\n\n\n<p><em>Lucce d\u011bkuju za&nbsp;\u010das a&nbsp;p\u0159eju, a\u0165 se j\u00ed d\u00e1l da\u0159\u00ed! Jej\u00ed fotky a&nbsp;jak j\u00ed to jde si prohl\u00e9dn\u011bte na&nbsp;Instagramu @luciees.foto<\/em> nebo na&nbsp;<a href=\"https:\/\/www.facebook.com\/LucieSolovjevova\/\">Facebooku <\/a><\/p>\n","protected":false},"excerpt":{"rendered":"<p>T\u0159\u00eddn\u00ed u\u010ditelka j\u00ed \u0159ekla, a\u0165 jde na&nbsp;u\u010d\u0148\u00e1k, \u017ee na&nbsp;v\u00edc nem\u00e1. St\u0159edn\u00ed \u0161kolu si vybrala podle ostatn\u00edch a&nbsp;aby u\u010ditelce dok\u00e1zala, \u017ee nem\u00e1 pravdu. Narozen\u00ed d\u011bt\u00ed bylo impulzem k&nbsp;dal\u0161\u00edmu studiu a&nbsp;osobn\u00edmu rozvoji&#8230;.<\/p>\n","protected":false},"author":1,"featured_media":1952,"comment_status":"open","ping_status":"open","sticky":false,"template":"","format":"standard","meta":[],"categories":[68,1,28],"tags":[66,48,69,67],"_links":{"self":[{"href":"https:\/\/bettybilek.cz\/index.php?rest_route=\/wp\/v2\/posts\/1949"}],"collection":[{"href":"https:\/\/bettybilek.cz\/index.php?rest_route=\/wp\/v2\/posts"}],"about":[{"href":"https:\/\/bettybilek.cz\/index.php?rest_route=\/wp\/v2\/types\/post"}],"author":[{"embeddable":true,"href":"https:\/\/bettybilek.cz\/index.php?rest_route=\/wp\/v2\/users\/1"}],"replies":[{"embeddable":true,"href":"https:\/\/bettybilek.cz\/index.php?rest_route=%2Fwp%2Fv2%2Fcomments&post=1949"}],"version-history":[{"count":3,"href":"https:\/\/bettybilek.cz\/index.php?rest_route=\/wp\/v2\/posts\/1949\/revisions"}],"predecessor-version":[{"id":1953,"href":"https:\/\/bettybilek.cz\/index.php?rest_route=\/wp\/v2\/posts\/1949\/revisions\/1953"}],"wp:featuredmedia":[{"embeddable":true,"href":"https:\/\/bettybilek.cz\/index.php?rest_route=\/wp\/v2\/media\/1952"}],"wp:attachment":[{"href":"https:\/\/bettybilek.cz\/index.php?rest_route=%2Fwp%2Fv2%2Fmedia&parent=1949"}],"wp:term":[{"taxonomy":"category","embeddable":true,"href":"https:\/\/bettybilek.cz\/index.php?rest_route=%2Fwp%2Fv2%2Fcategories&post=1949"},{"taxonomy":"post_tag","embeddable":true,"href":"https:\/\/bettybilek.cz\/index.php?rest_route=%2Fwp%2Fv2%2Ftags&post=1949"}],"curies":[{"name":"wp","href":"https:\/\/api.w.org\/{rel}","templated":true}]}}